{"id":5391,"date":"2024-10-10T12:01:55","date_gmt":"2024-10-10T10:01:55","guid":{"rendered":"https:\/\/www.logorosso.it\/sviluppo\/ambralight\/?p=5391"},"modified":"2025-08-06T16:07:10","modified_gmt":"2025-08-06T14:07:10","slug":"iluminacion-controlada-en-granjas-verticales-la-universidad-de-verona-y-el-futuro-sostenible","status":"publish","type":"post","link":"https:\/\/www.ambralight.it\/es\/iluminacion-controlada-en-granjas-verticales-la-universidad-de-verona-y-el-futuro-sostenible\/","title":{"rendered":"Iluminaci\u00f3n controlada en granjas verticales: la Universidad de Verona y el futuro sostenible"},"content":{"rendered":"<p><div class=\"fusion-fullwidth fullwidth-box fusion-builder-row-1 fusion-flex-container has-pattern-background has-mask-background nonhundred-percent-fullwidth non-hundred-percent-height-scrolling\" style=\"--awb-border-radius-top-left:0px;--awb-border-radius-top-right:0px;--awb-border-radius-bottom-right:0px;--awb-border-radius-bottom-left:0px;--awb-padding-top:30px;--awb-flex-wrap:wrap;\" ><div class=\"fusion-builder-row fusion-row fusion-flex-align-items-flex-start fusion-flex-justify-content-center fusion-flex-content-wrap\" style=\"max-width:1248px;margin-left: calc(-4% \/ 2 );margin-right: calc(-4% \/ 2 );\"><div class=\"fusion-layout-column fusion_builder_column fusion-builder-column-0 fusion_builder_column_1_1 1_1 fusion-flex-column\" style=\"--awb-bg-size:cover;--awb-width-large:100%;--awb-margin-top-large:0px;--awb-spacing-right-large:1.92%;--awb-margin-bottom-large:20px;--awb-spacing-left-large:1.92%;--awb-width-medium:100%;--awb-order-medium:0;--awb-spacing-right-medium:1.92%;--awb-spacing-left-medium:1.92%;--awb-width-small:100%;--awb-order-small:0;--awb-spacing-right-small:1.92%;--awb-spacing-left-small:1.92%;\"><div class=\"fusion-column-wrapper fusion-column-has-shadow fusion-flex-justify-content-flex-start fusion-content-layout-column\"><\/div><\/div><div class=\"fusion-layout-column fusion_builder_column fusion-builder-column-1 fusion_builder_column_4_5 4_5 fusion-flex-column\" style=\"--awb-bg-size:cover;--awb-width-large:80%;--awb-margin-top-large:0px;--awb-spacing-right-large:2.4%;--awb-margin-bottom-large:20px;--awb-spacing-left-large:2.4%;--awb-width-medium:80%;--awb-order-medium:0;--awb-spacing-right-medium:2.4%;--awb-spacing-left-medium:2.4%;--awb-width-small:100%;--awb-order-small:0;--awb-spacing-right-small:1.92%;--awb-spacing-left-small:1.92%;\"><div class=\"fusion-column-wrapper fusion-column-has-shadow fusion-flex-justify-content-flex-start fusion-content-layout-column\"><div class=\"fusion-text fusion-text-1\" style=\"--awb-content-alignment:center;\"><p>En colaboraci\u00f3n con la <strong>Universidad de Verona<\/strong> y otras cuatro empresas, hemos desarrollado un proyecto innovador de <strong>cultivo vertical<\/strong> en <strong>Padua<\/strong>. Este prototipo tiene como objetivo evaluar y medir la <strong>eficiencia de los cultivos verticales<\/strong> en t\u00e9rminos de <strong>consumo energ\u00e9tico<\/strong>, <strong>aumento de la productividad<\/strong>, <strong>patolog\u00edas de las plantas<\/strong> y <strong>reducci\u00f3n del uso de productos qu\u00edmicos<\/strong>.<br \/>\nComo podr\u00e1s ver a continuaci\u00f3n, nuestras <strong>l\u00e1mparas LED<\/strong> han creado un entorno ideal para el <strong>cultivo sostenible<\/strong> y de proximidad, fomentando una agricultura de <strong>kil\u00f3metro cero<\/strong>.<\/p>\n<\/div><\/div><\/div><div class=\"fusion-layout-column fusion_builder_column fusion-builder-column-2 fusion_builder_column_4_5 4_5 fusion-flex-column\" style=\"--awb-bg-size:cover;--awb-width-large:80%;--awb-margin-top-large:0px;--awb-spacing-right-large:2.4%;--awb-margin-bottom-large:20px;--awb-spacing-left-large:2.4%;--awb-width-medium:80%;--awb-order-medium:0;--awb-spacing-right-medium:2.4%;--awb-spacing-left-medium:2.4%;--awb-width-small:100%;--awb-order-small:0;--awb-spacing-right-small:1.92%;--awb-spacing-left-small:1.92%;\"><div class=\"fusion-column-wrapper fusion-column-has-shadow fusion-flex-justify-content-flex-start fusion-content-layout-column\"><div class=\"fusion-image-carousel fusion-image-carousel-auto fusion-image-carousel-1 lightbox-enabled\"><div class=\"awb-carousel awb-swiper awb-swiper-carousel\" data-autoplay=\"yes\" data-columns=\"2\" data-itemmargin=\"20\" data-itemwidth=\"180\" data-touchscroll=\"no\" data-imagesize=\"auto\" data-scrollitems=\"1\" style=\"--awb-columns:2;--awb-column-spacing:20px;\"><div class=\"swiper-wrapper awb-image-carousel-wrapper fusion-flex-align-items-center\"><div class=\"swiper-slide\"><div class=\"fusion-carousel-item-wrapper\"><div class=\"fusion-image-wrapper hover-type-none\"><a data-rel=\"iLightbox[image_carousel_1]\" data-title=\"Vertical-farming-Padova-fair-center-evidenza\" aria-label=\"Vertical-farming-Padova-fair-center-evidenza\" href=\"https:\/\/www.ambralight.it\/es\/wp-content\/uploads\/2024\/10\/Vertical-farming-Padova-fair-center-evidenza.jpg\" target=\"_self\"><img decoding=\"async\" width=\"1500\" height=\"988\" src=\"https:\/\/www.ambralight.it\/es\/wp-content\/uploads\/2024\/10\/Vertical-farming-Padova-fair-center-evidenza.jpg\" class=\"attachment-full size-full\" alt=\"\" srcset=\"https:\/\/www.ambralight.it\/es\/wp-content\/uploads\/2024\/10\/Vertical-farming-Padova-fair-center-evidenza-200x132.jpg 200w, https:\/\/www.ambralight.it\/es\/wp-content\/uploads\/2024\/10\/Vertical-farming-Padova-fair-center-evidenza-400x263.jpg 400w, https:\/\/www.ambralight.it\/es\/wp-content\/uploads\/2024\/10\/Vertical-farming-Padova-fair-center-evidenza-600x395.jpg 600w, https:\/\/www.ambralight.it\/es\/wp-content\/uploads\/2024\/10\/Vertical-farming-Padova-fair-center-evidenza-800x527.jpg 800w, https:\/\/www.ambralight.it\/es\/wp-content\/uploads\/2024\/10\/Vertical-farming-Padova-fair-center-evidenza-1200x790.jpg 1200w, https:\/\/www.ambralight.it\/es\/wp-content\/uploads\/2024\/10\/Vertical-farming-Padova-fair-center-evidenza.jpg 1500w\" sizes=\"(min-width: 2200px) 100vw, (min-width: 712px) 590px, (min-width: 640px) 712px, \" \/><\/a><\/div><\/div><\/div><div class=\"swiper-slide\"><div class=\"fusion-carousel-item-wrapper\"><div class=\"fusion-image-wrapper hover-type-none\"><a data-rel=\"iLightbox[image_carousel_1]\" data-title=\"Vertical-farming-Padova-fair-center-01\" aria-label=\"Vertical-farming-Padova-fair-center-01\" href=\"https:\/\/www.ambralight.it\/es\/wp-content\/uploads\/2024\/10\/Vertical-farming-Padova-fair-center-01.jpg\" target=\"_self\"><img decoding=\"async\" width=\"1500\" height=\"988\" src=\"https:\/\/www.ambralight.it\/es\/wp-content\/uploads\/2024\/10\/Vertical-farming-Padova-fair-center-01.jpg\" class=\"attachment-full size-full\" alt=\"\" srcset=\"https:\/\/www.ambralight.it\/es\/wp-content\/uploads\/2024\/10\/Vertical-farming-Padova-fair-center-01-200x132.jpg 200w, https:\/\/www.ambralight.it\/es\/wp-content\/uploads\/2024\/10\/Vertical-farming-Padova-fair-center-01-400x263.jpg 400w, https:\/\/www.ambralight.it\/es\/wp-content\/uploads\/2024\/10\/Vertical-farming-Padova-fair-center-01-600x395.jpg 600w, https:\/\/www.ambralight.it\/es\/wp-content\/uploads\/2024\/10\/Vertical-farming-Padova-fair-center-01-800x527.jpg 800w, https:\/\/www.ambralight.it\/es\/wp-content\/uploads\/2024\/10\/Vertical-farming-Padova-fair-center-01-1200x790.jpg 1200w, https:\/\/www.ambralight.it\/es\/wp-content\/uploads\/2024\/10\/Vertical-farming-Padova-fair-center-01.jpg 1500w\" sizes=\"(min-width: 2200px) 100vw, (min-width: 712px) 590px, (min-width: 640px) 712px, \" \/><\/a><\/div><\/div><\/div><div class=\"swiper-slide\"><div class=\"fusion-carousel-item-wrapper\"><div class=\"fusion-image-wrapper hover-type-none\"><a data-rel=\"iLightbox[image_carousel_1]\" data-title=\"Vertical-farming-Padova-fair-center-02\" aria-label=\"Vertical-farming-Padova-fair-center-02\" href=\"https:\/\/www.ambralight.it\/es\/wp-content\/uploads\/2024\/10\/Vertical-farming-Padova-fair-center-02.jpg\" target=\"_self\"><img decoding=\"async\" width=\"1500\" height=\"988\" src=\"https:\/\/www.ambralight.it\/es\/wp-content\/uploads\/2024\/10\/Vertical-farming-Padova-fair-center-02.jpg\" class=\"attachment-full size-full\" alt=\"\" srcset=\"https:\/\/www.ambralight.it\/es\/wp-content\/uploads\/2024\/10\/Vertical-farming-Padova-fair-center-02-200x132.jpg 200w, https:\/\/www.ambralight.it\/es\/wp-content\/uploads\/2024\/10\/Vertical-farming-Padova-fair-center-02-400x263.jpg 400w, https:\/\/www.ambralight.it\/es\/wp-content\/uploads\/2024\/10\/Vertical-farming-Padova-fair-center-02-600x395.jpg 600w, https:\/\/www.ambralight.it\/es\/wp-content\/uploads\/2024\/10\/Vertical-farming-Padova-fair-center-02-800x527.jpg 800w, https:\/\/www.ambralight.it\/es\/wp-content\/uploads\/2024\/10\/Vertical-farming-Padova-fair-center-02-1200x790.jpg 1200w, https:\/\/www.ambralight.it\/es\/wp-content\/uploads\/2024\/10\/Vertical-farming-Padova-fair-center-02.jpg 1500w\" sizes=\"(min-width: 2200px) 100vw, (min-width: 712px) 590px, (min-width: 640px) 712px, \" \/><\/a><\/div><\/div><\/div><div class=\"swiper-slide\"><div class=\"fusion-carousel-item-wrapper\"><div class=\"fusion-image-wrapper hover-type-none\"><a data-rel=\"iLightbox[image_carousel_1]\" data-title=\"Vertical-farming-Padova-fair-center-03\" aria-label=\"Vertical-farming-Padova-fair-center-03\" href=\"https:\/\/www.ambralight.it\/es\/wp-content\/uploads\/2024\/10\/Vertical-farming-Padova-fair-center-03.jpg\" target=\"_self\"><img decoding=\"async\" width=\"1500\" height=\"988\" src=\"https:\/\/www.ambralight.it\/es\/wp-content\/uploads\/2024\/10\/Vertical-farming-Padova-fair-center-03.jpg\" class=\"attachment-full size-full\" alt=\"\" srcset=\"https:\/\/www.ambralight.it\/es\/wp-content\/uploads\/2024\/10\/Vertical-farming-Padova-fair-center-03-200x132.jpg 200w, https:\/\/www.ambralight.it\/es\/wp-content\/uploads\/2024\/10\/Vertical-farming-Padova-fair-center-03-400x263.jpg 400w, https:\/\/www.ambralight.it\/es\/wp-content\/uploads\/2024\/10\/Vertical-farming-Padova-fair-center-03-600x395.jpg 600w, https:\/\/www.ambralight.it\/es\/wp-content\/uploads\/2024\/10\/Vertical-farming-Padova-fair-center-03-800x527.jpg 800w, https:\/\/www.ambralight.it\/es\/wp-content\/uploads\/2024\/10\/Vertical-farming-Padova-fair-center-03-1200x790.jpg 1200w, https:\/\/www.ambralight.it\/es\/wp-content\/uploads\/2024\/10\/Vertical-farming-Padova-fair-center-03.jpg 1500w\" sizes=\"(min-width: 2200px) 100vw, (min-width: 712px) 590px, (min-width: 640px) 712px, \" \/><\/a><\/div><\/div><\/div><\/div><div class=\"awb-swiper-button awb-swiper-button-prev\"><i class=\"awb-icon-angle-left\" aria-hidden=\"true\"><\/i><\/div><div class=\"awb-swiper-button awb-swiper-button-next\"><i class=\"awb-icon-angle-right\" aria-hidden=\"true\"><\/i><\/div><\/div><\/div><\/div><\/div><div class=\"fusion-layout-column fusion_builder_column fusion-builder-column-3 fusion_builder_column_1_2 1_2 fusion-flex-column\" style=\"--awb-bg-size:cover;--awb-width-large:50%;--awb-margin-top-large:0px;--awb-spacing-right-large:3.84%;--awb-margin-bottom-large:20px;--awb-spacing-left-large:3.84%;--awb-width-medium:50%;--awb-order-medium:0;--awb-spacing-right-medium:3.84%;--awb-spacing-left-medium:3.84%;--awb-width-small:100%;--awb-order-small:0;--awb-spacing-right-small:1.92%;--awb-spacing-left-small:1.92%;\"><div class=\"fusion-column-wrapper fusion-column-has-shadow fusion-flex-justify-content-flex-start fusion-content-layout-column\"><div class=\"fusion-title title fusion-title-1 fusion-sep-none fusion-title-text fusion-title-size-six\" style=\"--awb-text-color:var(--awb-color5);\"><h6 class=\"fusion-title-heading title-heading-left\" style=\"margin:0;\">El proyecto<\/h6><\/div><div class=\"fusion-separator fusion-full-width-sep\" style=\"align-self: center;margin-left: auto;margin-right: auto;width:100%;\"><div class=\"fusion-separator-border sep-single sep-solid\" style=\"--awb-height:20px;--awb-amount:20px;--awb-sep-color:var(--awb-color5);border-color:var(--awb-color5);border-top-width:1px;\"><\/div><\/div><div class=\"fusion-text fusion-text-2\"><p>El proyecto requiri\u00f3 cinco meses para la creaci\u00f3n de una <strong>granja vertical<\/strong> compuesta por <strong>estanter\u00edas<\/strong> distribuidas en <strong>cuatro niveles<\/strong>, cada uno destinado a una variedad diferente de lechuga.<br \/>\nEl objetivo era probar un <strong>sistema agr\u00edcola innovador<\/strong> que <strong>aumentara la productividad<\/strong> mientras <strong>reduc\u00eda el consumo<\/strong> de recursos, como agua y energ\u00eda, en comparaci\u00f3n con las t\u00e9cnicas agr\u00edcolas tradicionales. Adem\u00e1s, los datos recopilados proporcionan informaci\u00f3n valiosa sobre las enfermedades de las plantas y el uso de productos qu\u00edmicos.<br \/>\nEl prototipo fue presentado en la <strong>Feria de Padua<\/strong>, donde los visitantes pudieron seguir de cerca las fases de crecimiento de las plantas. La lechuga producida se sirvi\u00f3 posteriormente en restaurantes locales, apoyando as\u00ed el concepto de <strong>agricultura de proximidad<\/strong> y sostenibilidad.<\/p>\n<\/div><\/div><\/div><div class=\"fusion-layout-column fusion_builder_column fusion-builder-column-4 fusion_builder_column_1_2 1_2 fusion-flex-column\" style=\"--awb-bg-size:cover;--awb-width-large:50%;--awb-margin-top-large:0px;--awb-spacing-right-large:3.84%;--awb-margin-bottom-large:20px;--awb-spacing-left-large:3.84%;--awb-width-medium:50%;--awb-order-medium:0;--awb-spacing-right-medium:3.84%;--awb-spacing-left-medium:3.84%;--awb-width-small:100%;--awb-order-small:0;--awb-spacing-right-small:1.92%;--awb-spacing-left-small:1.92%;\"><div class=\"fusion-column-wrapper fusion-column-has-shadow fusion-flex-justify-content-flex-start fusion-content-layout-column\"><div class=\"fusion-title title fusion-title-2 fusion-sep-none fusion-title-text fusion-title-size-six\" style=\"--awb-text-color:var(--awb-color5);\"><h6 class=\"fusion-title-heading title-heading-left\" style=\"margin:0;\">Descripci\u00f3n de la instalaci\u00f3n<\/h6><\/div><div class=\"fusion-separator fusion-full-width-sep\" style=\"align-self: center;margin-left: auto;margin-right: auto;width:100%;\"><div class=\"fusion-separator-border sep-single sep-solid\" style=\"--awb-height:20px;--awb-amount:20px;--awb-sep-color:var(--awb-color5);border-color:var(--awb-color5);border-top-width:1px;\"><\/div><\/div><div class=\"fusion-text fusion-text-3\"><p>La <strong>granja vertical<\/strong> ha sido equipada con nuestras <strong>l\u00e1mparas LED AE32<\/strong>, instaladas para garantizar <strong>condiciones \u00f3ptimas de iluminaci\u00f3n<\/strong> en cada nivel:<\/p>\n<ul>\n<li>Los dos <strong>estantes inferiores<\/strong> utilizan <strong>luces LED rojas y azules<\/strong>, ideales para estimular la fotos\u00edntesis y favorecer un crecimiento vigoroso.<\/li>\n<li>Los <strong>estantes superiores<\/strong> est\u00e1n equipados con <strong>luces LED verdes, rojas y azules<\/strong>, lo que mejora la uniformidad del crecimiento y la productividad de las plantas.<\/li>\n<\/ul>\n<p>Nuestras soluciones LED han permitido crear un ambiente controlado, donde la <strong>luz se distribuye uniformemente<\/strong> en toda el \u00e1rea de cultivo, asegurando que las plantas tengan las <strong>condiciones \u00f3ptimas<\/strong> para desarrollarse en cada etapa de su crecimiento.<\/p>\n<\/div><\/div><\/div><\/div><\/div><div class=\"fusion-fullwidth fullwidth-box fusion-builder-row-2 fusion-flex-container has-pattern-background has-mask-background nonhundred-percent-fullwidth non-hundred-percent-height-scrolling\" style=\"--awb-border-radius-top-left:0px;--awb-border-radius-top-right:0px;--awb-border-radius-bottom-right:0px;--awb-border-radius-bottom-left:0px;--awb-padding-bottom-small:0px;--awb-margin-bottom-small:0px;--awb-background-color:var(--awb-color3);--awb-flex-wrap:wrap;\" ><div class=\"fusion-builder-row fusion-row fusion-flex-align-items-flex-start fusion-flex-content-wrap\" style=\"max-width:1248px;margin-left: calc(-4% \/ 2 );margin-right: calc(-4% \/ 2 );\"><div class=\"fusion-layout-column fusion_builder_column fusion-builder-column-5 fusion_builder_column_1_1 1_1 fusion-flex-column\" style=\"--awb-bg-size:cover;--awb-width-large:100%;--awb-margin-top-large:0px;--awb-spacing-right-large:1.92%;--awb-margin-bottom-large:20px;--awb-spacing-left-large:1.92%;--awb-width-medium:100%;--awb-order-medium:0;--awb-spacing-right-medium:1.92%;--awb-spacing-left-medium:1.92%;--awb-width-small:100%;--awb-order-small:0;--awb-spacing-right-small:1.92%;--awb-spacing-left-small:1.92%;\"><div class=\"fusion-column-wrapper fusion-column-has-shadow fusion-flex-justify-content-flex-start fusion-content-layout-column\"><div class=\"fusion-section-separator section-separator waves fusion-section-separator-1\" style=\"--awb-spacer-padding-top:inherit;--awb-svg-margin-left:1.92%;--awb-svg-margin-right:1.92%;--awb-svg-margin-left-medium:1.92%;--awb-svg-margin-right-medium:1.92%;--awb-svg-margin-left-small:1.92%;--awb-svg-margin-right-small:1.92%;--awb-divider-height:100px;--awb-spacer-height:100px;--awb-divider-height-small:50px;--awb-spacer-height-small:50px;--awb-sep-font-size:0;--awb-sep-line-height:0;\"><div class=\"fusion-section-separator-svg\"><svg class=\"fusion-waves-candy\" xmlns=\"http:\/\/www.w3.org\/2000\/svg\" version=\"1.1\" width=\"100%\" viewBox=\"0 1 1024 162\" preserveAspectRatio=\"none\" fill=\"rgba(255,255,255,1)\"><path class=\"st3\" d=\"M0 162.1c4-.2 8-.4 11.9-.7C218.4 146.3 239.8 37 446.4 19.8 631.3 4.3 672.7 60.9 851.3 41.1c64-7.2 121.9-20.8 172.7-37.9V.156H0V162.1z\"\/><\/svg><\/div><div class=\"fusion-section-separator-spacer\"><div class=\"fusion-section-separator-spacer-height\"><\/div><\/div><\/div><div class=\"fusion-title title fusion-title-3 fusion-sep-none fusion-title-text fusion-title-size-six\" style=\"--awb-text-color:var(--awb-color5);\"><h6 class=\"fusion-title-heading title-heading-left\" style=\"margin:0;\">Producto instalado<\/h6><\/div><div class=\"fusion-separator fusion-full-width-sep\" style=\"align-self: center;margin-left: auto;margin-right: auto;width:100%;\"><div class=\"fusion-separator-border sep-single sep-solid\" style=\"--awb-height:20px;--awb-amount:20px;--awb-sep-color:var(--awb-color5);border-color:var(--awb-color5);border-top-width:1px;\"><\/div><\/div><\/div><\/div><div class=\"fusion-layout-column fusion_builder_column fusion-builder-column-6 fusion_builder_column_1_1 1_1 fusion-flex-column\" style=\"--awb-padding-top:30px;--awb-padding-right:30px;--awb-padding-left:30px;--awb-overflow:hidden;--awb-bg-color:var(--awb-color1);--awb-bg-color-hover:var(--awb-color1);--awb-bg-image:radial-gradient(circle at left top, var(--awb-color5) 20%,var(--awb-color1) 20%);--awb-bg-size:cover;--awb-border-radius:25px 25px 25px 25px;--awb-width-large:100%;--awb-margin-top-large:0px;--awb-spacing-right-large:1.92%;--awb-margin-bottom-large:20px;--awb-spacing-left-large:1.92%;--awb-width-medium:100%;--awb-order-medium:0;--awb-spacing-right-medium:1.92%;--awb-spacing-left-medium:1.92%;--awb-width-small:100%;--awb-order-small:0;--awb-spacing-right-small:1.92%;--awb-spacing-left-small:1.92%;\" data-scroll-devices=\"small-visibility,medium-visibility,large-visibility\"><div class=\"fusion-column-wrapper fusion-column-has-shadow fusion-flex-justify-content-center fusion-content-layout-column\"><div class=\"fusion-builder-row fusion-builder-row-inner fusion-row fusion-flex-align-items-flex-start fusion-flex-content-wrap\" style=\"width:104% !important;max-width:104% !important;margin-left: calc(-4% \/ 2 );margin-right: calc(-4% \/ 2 );\"><div class=\"fusion-layout-column fusion_builder_column_inner fusion-builder-nested-column-0 fusion_builder_column_inner_1_3 1_3 fusion-flex-column\" style=\"--awb-bg-size:cover;--awb-width-large:33.333333333333%;--awb-margin-top-large:0px;--awb-spacing-right-large:5.76%;--awb-margin-bottom-large:20px;--awb-spacing-left-large:5.76%;--awb-width-medium:33.333333333333%;--awb-order-medium:0;--awb-spacing-right-medium:5.76%;--awb-spacing-left-medium:5.76%;--awb-width-small:100%;--awb-order-small:0;--awb-spacing-right-small:1.92%;--awb-spacing-left-small:1.92%;\"><div class=\"fusion-column-wrapper fusion-column-has-shadow fusion-flex-justify-content-flex-start fusion-content-layout-column\"><div class=\"fusion-title title fusion-title-4 fusion-sep-none fusion-title-text fusion-title-size-four\" style=\"--awb-text-color:var(--awb-color1);--awb-margin-top:0px;--awb-margin-bottom:0px;\"><h4 class=\"fusion-title-heading title-heading-left\" style=\"margin:0;\">Aquila<\/h4><\/div><div class=\"fusion-image-element \" style=\"--awb-caption-title-font-family:var(--h2_typography-font-family);--awb-caption-title-font-weight:var(--h2_typography-font-weight);--awb-caption-title-font-style:var(--h2_typography-font-style);--awb-caption-title-size:var(--h2_typography-font-size);--awb-caption-title-transform:var(--h2_typography-text-transform);--awb-caption-title-line-height:var(--h2_typography-line-height);--awb-caption-title-letter-spacing:var(--h2_typography-letter-spacing);\"><span class=\" fusion-imageframe imageframe-none imageframe-1 hover-type-none\"><img decoding=\"async\" width=\"300\" height=\"101\" title=\"Aquila-multicanale-lampada-accesa\" src=\"https:\/\/www.ambralight.it\/es\/wp-content\/uploads\/2024\/10\/Aquila-multicanale-lampada-accesa-300x101.png\" alt class=\"img-responsive wp-image-5334\" srcset=\"https:\/\/www.ambralight.it\/es\/wp-content\/uploads\/2024\/10\/Aquila-multicanale-lampada-accesa-200x67.png 200w, https:\/\/www.ambralight.it\/es\/wp-content\/uploads\/2024\/10\/Aquila-multicanale-lampada-accesa-400x134.png 400w, https:\/\/www.ambralight.it\/es\/wp-content\/uploads\/2024\/10\/Aquila-multicanale-lampada-accesa-600x202.png 600w, https:\/\/www.ambralight.it\/es\/wp-content\/uploads\/2024\/10\/Aquila-multicanale-lampada-accesa-800x269.png 800w, https:\/\/www.ambralight.it\/es\/wp-content\/uploads\/2024\/10\/Aquila-multicanale-lampada-accesa.png 1000w\" sizes=\"(max-width: 640px) 100vw, 400px\" \/><\/span><\/div><\/div><\/div><div class=\"fusion-layout-column fusion_builder_column_inner fusion-builder-nested-column-1 fusion_builder_column_inner_2_3 2_3 fusion-flex-column\" style=\"--awb-bg-size:cover;--awb-width-large:66.666666666667%;--awb-margin-top-large:0px;--awb-spacing-right-large:2.88%;--awb-margin-bottom-large:20px;--awb-spacing-left-large:2.88%;--awb-width-medium:66.666666666667%;--awb-order-medium:0;--awb-spacing-right-medium:2.88%;--awb-spacing-left-medium:2.88%;--awb-width-small:100%;--awb-order-small:0;--awb-spacing-right-small:1.92%;--awb-spacing-left-small:1.92%;\"><div class=\"fusion-column-wrapper fusion-column-has-shadow fusion-flex-justify-content-flex-start fusion-content-layout-column\"><div class=\"fusion-text fusion-text-4\"><p>Para el proyecto de agricultura vertical desarrollado con la Universidad de Verona, se instal\u00f3 el modelo AE32, que hoy corresponde a la versi\u00f3n avanzada de <strong>Aquila<\/strong>. Esta l\u00e1mpara LED, dise\u00f1ada para estructuras de cultivo en varios niveles, garantiza un espectro luminoso \u00f3ptimo para cada fase de crecimiento y permite un ajuste preciso de la intensidad de la luz. Las caracter\u00edsticas de Aquila la convierten en una soluci\u00f3n perfecta para la investigaci\u00f3n y la experimentaci\u00f3n, adapt\u00e1ndose a las necesidades de los centros de innovaci\u00f3n en agricultura.<\/p>\n<\/div><a class=\"fb-icon-element-1 fb-icon-element fontawesome-icon fa-angle-right fas circle-yes fusion-link\" style=\"--awb-circlecolor:var(--awb-color4);--awb-circlecolor-hover:var(--awb-color5);--awb-circlebordercolor:var(--awb-color4);--awb-circlebordercolor-hover:var(--awb-color5);--awb-circlebordersize:1px;--awb-font-size:17.6px;--awb-width:35.2px;--awb-height:35.2px;--awb-line-height:33.2px;--awb-margin-top:0;--awb-margin-right:0;--awb-margin-bottom:0;--awb-margin-left:10px;--awb-align-self:flex-end;\" href=\"https:\/\/www.ambralight.it\/es\/prodotti\/aquila\/\" aria-label=\"Link to https:\/\/www.ambralight.it\/es\/prodotti\/aquila\/\" target=\"_self\"><\/a><\/div><\/div><\/div><\/div><\/div><div class=\"fusion-layout-column fusion_builder_column fusion-builder-column-7 fusion_builder_column_1_1 1_1 fusion-flex-column\" style=\"--awb-bg-size:cover;--awb-width-large:100%;--awb-margin-top-large:30px;--awb-spacing-right-large:1.92%;--awb-margin-bottom-large:20px;--awb-spacing-left-large:1.92%;--awb-width-medium:100%;--awb-order-medium:0;--awb-spacing-right-medium:1.92%;--awb-spacing-left-medium:1.92%;--awb-width-small:100%;--awb-order-small:0;--awb-spacing-right-small:1.92%;--awb-spacing-left-small:1.92%;\" data-scroll-devices=\"small-visibility,medium-visibility,large-visibility\"><div class=\"fusion-column-wrapper fusion-column-has-shadow fusion-flex-justify-content-flex-start fusion-content-layout-column\"><div class=\"fusion-title title fusion-title-5 fusion-sep-none fusion-title-text fusion-title-size-six\" style=\"--awb-text-color:var(--awb-color5);\"><h6 class=\"fusion-title-heading title-heading-left\" style=\"margin:0;\">Ventajas obtenidas<\/h6><\/div><div class=\"fusion-separator fusion-full-width-sep\" style=\"align-self: center;margin-left: auto;margin-right: auto;width:100%;\"><div class=\"fusion-separator-border sep-single sep-solid\" style=\"--awb-height:20px;--awb-amount:20px;--awb-sep-color:var(--awb-color5);border-color:var(--awb-color5);border-top-width:1px;\"><\/div><\/div><div class=\"fusion-text fusion-text-5\"><p>Gracias a nuestras <strong>l\u00e1mparas LED AE32<\/strong>, el proyecto ya ha mostrado numerosos beneficios:<\/p>\n<ul>\n<li><strong>Mayor productividad<\/strong>: crecimiento m\u00e1s r\u00e1pido y uniforme de las plantas en todos los niveles.<\/li>\n<li><strong>Reducci\u00f3n del consumo de recursos<\/strong>: uso optimizado de agua y energ\u00eda en comparaci\u00f3n con las t\u00e9cnicas tradicionales.<\/li>\n<li><strong>Sostenibilidad ambiental<\/strong>: menor uso de productos qu\u00edmicos y fomento de cultivos de bajo impacto ecol\u00f3gico.<\/li>\n<li><strong>Producci\u00f3n de kil\u00f3metro cero<\/strong>: la lechuga cosechada se ha destinado a restaurantes locales, apoyando una cadena de suministro sostenible y de proximidad.<\/li>\n<\/ul>\n<p>Este proyecto demuestra c\u00f3mo nuestras <strong>soluciones LED<\/strong> pueden ayudar a impulsar la <strong>tecnolog\u00eda agr\u00edcola avanzada, mejorando la productividad y la sostenibilidad<\/strong>.<\/p>\n<\/div><\/div><\/div><\/div><\/div><\/p>\n","protected":false},"excerpt":{"rendered":"","protected":false},"author":1,"featured_media":5392,"comment_status":"open","ping_status":"open","sticky":false,"template":"","format":"standard","meta":{"footnotes":""},"categories":[8,38],"tags":[],"class_list":["post-5391","post","type-post","status-publish","format-standard","has-post-thumbnail","hentry","category-casos-de-estudio","category-soluciones-para-cultivos-indoor-y-granjas-verticales"],"_links":{"self":[{"href":"https:\/\/www.ambralight.it\/es\/wp-json\/wp\/v2\/posts\/5391","targetHints":{"allow":["GET"]}}],"collection":[{"href":"https:\/\/www.ambralight.it\/es\/wp-json\/wp\/v2\/posts"}],"about":[{"href":"https:\/\/www.ambralight.it\/es\/wp-json\/wp\/v2\/types\/post"}],"author":[{"embeddable":true,"href":"https:\/\/www.ambralight.it\/es\/wp-json\/wp\/v2\/users\/1"}],"replies":[{"embeddable":true,"href":"https:\/\/www.ambralight.it\/es\/wp-json\/wp\/v2\/comments?post=5391"}],"version-history":[{"count":11,"href":"https:\/\/www.ambralight.it\/es\/wp-json\/wp\/v2\/posts\/5391\/revisions"}],"predecessor-version":[{"id":5944,"href":"https:\/\/www.ambralight.it\/es\/wp-json\/wp\/v2\/posts\/5391\/revisions\/5944"}],"wp:featuredmedia":[{"embeddable":true,"href":"https:\/\/www.ambralight.it\/es\/wp-json\/wp\/v2\/media\/5392"}],"wp:attachment":[{"href":"https:\/\/www.ambralight.it\/es\/wp-json\/wp\/v2\/media?parent=5391"}],"wp:term":[{"taxonomy":"category","embeddable":true,"href":"https:\/\/www.ambralight.it\/es\/wp-json\/wp\/v2\/categories?post=5391"},{"taxonomy":"post_tag","embeddable":true,"href":"https:\/\/www.ambralight.it\/es\/wp-json\/wp\/v2\/tags?post=5391"}],"curies":[{"name":"wp","href":"https:\/\/api.w.org\/{rel}","templated":true}]}}