{"id":4994,"date":"2023-09-04T12:05:37","date_gmt":"2023-09-04T10:05:37","guid":{"rendered":"https:\/\/www.ambralight.it\/?p=4994"},"modified":"2025-03-14T17:13:37","modified_gmt":"2025-03-14T16:13:37","slug":"ambralight-vuelve-a-padua-para-el-flormart","status":"publish","type":"post","link":"https:\/\/www.ambralight.it\/es\/ambralight-vuelve-a-padua-para-el-flormart\/","title":{"rendered":"Ambralight vuelve a Padua para el Flormart!"},"content":{"rendered":"\r\n<p><\/p>\r\n\r\n\r\n\r\n<figure class=\"wp-block-image size-large\"><img decoding=\"async\" src=\"https:\/\/www.ambralight.it\/es\/wp-content\/uploads\/2023\/09\/large-LOGO-FLM23-DATE-1024x410.png\" alt=\"Flormart 2023\" class=\"wp-image-4978\"\/><\/figure>\r\n\r\n\r\n\r\n<p><strong>Desde 1971<\/strong>, Flormart \u2013 The Green Italy es el evento profesional de referencia en floricultura, paisajismo y espacios verdes. Con una gran trayectoria, es la primera feria de este sector en Italia y Europa.<\/p>\r\n\r\n\r\n\r\n<p>Vitrina internacional de la horticultura, con 200 compradores esperados en el marco del programa de recepci\u00f3n internacional. Un evento profesional altamente especializado dedicado a la horticultura ornamental de calidad y a toda la cadena del sector verde: producci\u00f3n hort\u00edcola, mecanizaci\u00f3n y equipamiento, tecnolog\u00edas y sistemas para la producci\u00f3n de plantas, as\u00ed como el mantenimiento y la gesti\u00f3n de espacios verdes urbanos y periurbanos, investigaci\u00f3n e innovaci\u00f3n.<\/p>\r\n\r\n\r\n\r\n<p>Como en los \u00faltimos a\u00f1os, AMBRALIGHT no pod\u00eda faltar como expositor en FLORMART. Somos una parte fundamental de esta vitrina del conocimiento y la innovaci\u00f3n tecnol\u00f3gica italiana aplicada a la horticultura ornamental.<\/p>\r\n\r\n\r\n\r\n<p class=\"has-text-align-center has-vivid-purple-color has-text-color has-medium-font-size\">Nuestro stand es el <strong>n\u00famero C 013<\/strong> en el <strong>Pabell\u00f3n 7<\/strong><\/p>\r\n\r\n\r\n\r\n<p class=\"has-text-align-center has-ast-global-color-8-color has-text-color has-medium-font-size\">\u00a1Ven a visitarnos!<\/p>\r\n\r\n\r\n\r\n<p class=\"has-text-align-center\">Consulta nuestra ficha de expositor <a href=\"https:\/\/catalogo.fiereparma.it\/manifestazione\/flormart-2022\/\"><strong>AQU\u00cd<\/strong><\/a><\/p>\r\n","protected":false},"excerpt":{"rendered":"<p>Desde 1971, Flormart \u2013 The Green Italy es el evento  [&#8230;]<\/p>\n","protected":false},"author":2,"featured_media":3512,"comment_status":"closed","ping_status":"open","sticky":false,"template":"","format":"standard","meta":{"footnotes":""},"categories":[14],"tags":[19,32,33],"class_list":["post-4994","post","type-post","status-publish","format-standard","has-post-thumbnail","hentry","category-news","tag-ambralight","tag-flormart","tag-florovivaismo"],"_links":{"self":[{"href":"https:\/\/www.ambralight.it\/es\/wp-json\/wp\/v2\/posts\/4994","targetHints":{"allow":["GET"]}}],"collection":[{"href":"https:\/\/www.ambralight.it\/es\/wp-json\/wp\/v2\/posts"}],"about":[{"href":"https:\/\/www.ambralight.it\/es\/wp-json\/wp\/v2\/types\/post"}],"author":[{"embeddable":true,"href":"https:\/\/www.ambralight.it\/es\/wp-json\/wp\/v2\/users\/2"}],"replies":[{"embeddable":true,"href":"https:\/\/www.ambralight.it\/es\/wp-json\/wp\/v2\/comments?post=4994"}],"version-history":[{"count":2,"href":"https:\/\/www.ambralight.it\/es\/wp-json\/wp\/v2\/posts\/4994\/revisions"}],"predecessor-version":[{"id":5896,"href":"https:\/\/www.ambralight.it\/es\/wp-json\/wp\/v2\/posts\/4994\/revisions\/5896"}],"wp:featuredmedia":[{"embeddable":true,"href":"https:\/\/www.ambralight.it\/es\/wp-json\/wp\/v2\/media\/3512"}],"wp:attachment":[{"href":"https:\/\/www.ambralight.it\/es\/wp-json\/wp\/v2\/media?parent=4994"}],"wp:term":[{"taxonomy":"category","embeddable":true,"href":"https:\/\/www.ambralight.it\/es\/wp-json\/wp\/v2\/categories?post=4994"},{"taxonomy":"post_tag","embeddable":true,"href":"https:\/\/www.ambralight.it\/es\/wp-json\/wp\/v2\/tags?post=4994"}],"curies":[{"name":"wp","href":"https:\/\/api.w.org\/{rel}","templated":true}]}}