{"id":4369,"date":"2023-03-17T08:44:54","date_gmt":"2023-03-17T07:44:54","guid":{"rendered":"https:\/\/www.ambralight.it\/?p=4369"},"modified":"2025-03-14T17:15:02","modified_gmt":"2025-03-14T16:15:02","slug":"ambralight-esta-en-agroclica","status":"publish","type":"post","link":"https:\/\/www.ambralight.it\/es\/ambralight-esta-en-agroclica\/","title":{"rendered":"Ambralight est\u00e1 en Agroclica"},"content":{"rendered":"\r\n<p>La experiencia de Ambralight en iluminaci\u00f3n LED para aplicaciones vegetales nos permite desarrollar sistemas de iluminaci\u00f3n artificial integrados con infraestructuras ya existentes, buscando siempre la combinaci\u00f3n \u00f3ptima de intensidad y espectro luminoso.<\/p>\r\n\r\n\r\n\r\n<p>Por esta raz\u00f3n, estamos presentes como expertos en AGROCLICA, una fuente de informaci\u00f3n sobre las \u00faltimas tecnolog\u00edas para cultivadores de habla griega. Los miembros de esta comunidad pueden realizar preguntas a expertos sobre distintos aspectos del cultivo y la agricultura. De este modo, con la colaboraci\u00f3n de todos, se mejoran los conocimientos y las pr\u00e1cticas agr\u00edcolas en Grecia, Chipre y en cualquier lugar donde se hable griego.<\/p>\r\n\r\n\r\n\r\n<p>\u00a1Haz clic abajo para leer un art\u00edculo sobre la importancia de la luz artificial en la agricultura!<\/p>\r\n\r\n\r\n\r\n<figure class=\"wp-block-image size-full\"><img decoding=\"async\" width=\"704\" height=\"202\" src=\"https:\/\/www.ambralight.it\/es\/wp-content\/uploads\/2023\/03\/agroclica-white-1.png\" alt=\"Agroclica\" class=\"wp-image-4381\" srcset=\"https:\/\/www.ambralight.it\/es\/wp-content\/uploads\/2023\/03\/agroclica-white-1-200x57.png 200w, https:\/\/www.ambralight.it\/es\/wp-content\/uploads\/2023\/03\/agroclica-white-1-300x86.png 300w, https:\/\/www.ambralight.it\/es\/wp-content\/uploads\/2023\/03\/agroclica-white-1-400x115.png 400w, https:\/\/www.ambralight.it\/es\/wp-content\/uploads\/2023\/03\/agroclica-white-1-600x172.png 600w, https:\/\/www.ambralight.it\/es\/wp-content\/uploads\/2023\/03\/agroclica-white-1-700x202.png 700w, https:\/\/www.ambralight.it\/es\/wp-content\/uploads\/2023\/03\/agroclica-white-1.png 704w\" sizes=\"(max-width: 704px) 100vw, 704px\" \/><figcaption><sup><a href=\"https:\/\/www.agroclica.gr\/blog\/164\/fotismos-led-ghia-tin-veltisti-anaptiksi-ton-fitwn\" target=\"_blank\" rel=\"noreferrer noopener\">https:\/\/www.agroclica.gr\/blog\/164\/fotismos-led-ghia-tin-veltisti-anaptiksi-ton-fitwn<\/a><\/sup><\/figcaption><\/figure>\r\n","protected":false},"excerpt":{"rendered":"<p>La experiencia de Ambralight en iluminaci\u00f3n LED para aplicaciones vegetales  [&#8230;]<\/p>\n","protected":false},"author":3,"featured_media":4292,"comment_status":"closed","ping_status":"open","sticky":false,"template":"","format":"standard","meta":{"footnotes":""},"categories":[14],"tags":[18,19,20],"class_list":["post-4369","post","type-post","status-publish","format-standard","has-post-thumbnail","hentry","category-news","tag-agroclica","tag-ambralight","tag-fotismos-led-ghia-tin-veltisti-anaptiksi-ton-fitwn"],"_links":{"self":[{"href":"https:\/\/www.ambralight.it\/es\/wp-json\/wp\/v2\/posts\/4369","targetHints":{"allow":["GET"]}}],"collection":[{"href":"https:\/\/www.ambralight.it\/es\/wp-json\/wp\/v2\/posts"}],"about":[{"href":"https:\/\/www.ambralight.it\/es\/wp-json\/wp\/v2\/types\/post"}],"author":[{"embeddable":true,"href":"https:\/\/www.ambralight.it\/es\/wp-json\/wp\/v2\/users\/3"}],"replies":[{"embeddable":true,"href":"https:\/\/www.ambralight.it\/es\/wp-json\/wp\/v2\/comments?post=4369"}],"version-history":[{"count":1,"href":"https:\/\/www.ambralight.it\/es\/wp-json\/wp\/v2\/posts\/4369\/revisions"}],"predecessor-version":[{"id":5898,"href":"https:\/\/www.ambralight.it\/es\/wp-json\/wp\/v2\/posts\/4369\/revisions\/5898"}],"wp:featuredmedia":[{"embeddable":true,"href":"https:\/\/www.ambralight.it\/es\/wp-json\/wp\/v2\/media\/4292"}],"wp:attachment":[{"href":"https:\/\/www.ambralight.it\/es\/wp-json\/wp\/v2\/media?parent=4369"}],"wp:term":[{"taxonomy":"category","embeddable":true,"href":"https:\/\/www.ambralight.it\/es\/wp-json\/wp\/v2\/categories?post=4369"},{"taxonomy":"post_tag","embeddable":true,"href":"https:\/\/www.ambralight.it\/es\/wp-json\/wp\/v2\/tags?post=4369"}],"curies":[{"name":"wp","href":"https:\/\/api.w.org\/{rel}","templated":true}]}}