{"id":3418,"date":"2022-08-11T17:04:46","date_gmt":"2022-08-11T15:04:46","guid":{"rendered":"https:\/\/www.ambralight.it\/?p=3418"},"modified":"2025-03-14T17:15:36","modified_gmt":"2025-03-14T16:15:36","slug":"ambralight-en-tv-los-magos-de-la-luz","status":"publish","type":"post","link":"https:\/\/www.ambralight.it\/es\/ambralight-en-tv-los-magos-de-la-luz\/","title":{"rendered":"Ambralight en TV: los magos de la luz"},"content":{"rendered":"<div class=\"fusion-fullwidth fullwidth-box fusion-builder-row-1 fusion-flex-container nonhundred-percent-fullwidth non-hundred-percent-height-scrolling\" style=\"--awb-border-radius-top-left:0px;--awb-border-radius-top-right:0px;--awb-border-radius-bottom-right:0px;--awb-border-radius-bottom-left:0px;--awb-flex-wrap:wrap;\" ><div class=\"fusion-builder-row fusion-row fusion-flex-align-items-flex-start fusion-flex-content-wrap\" style=\"max-width:1248px;margin-left: calc(-4% \/ 2 );margin-right: calc(-4% \/ 2 );\"><div class=\"fusion-layout-column fusion_builder_column fusion-builder-column-0 fusion_builder_column_1_1 1_1 fusion-flex-column\" style=\"--awb-bg-size:cover;--awb-width-large:100%;--awb-margin-top-large:0px;--awb-spacing-right-large:1.92%;--awb-margin-bottom-large:0px;--awb-spacing-left-large:1.92%;--awb-width-medium:100%;--awb-spacing-right-medium:1.92%;--awb-spacing-left-medium:1.92%;--awb-width-small:100%;--awb-spacing-right-small:1.92%;--awb-spacing-left-small:1.92%;\"><div class=\"fusion-column-wrapper fusion-flex-justify-content-flex-start fusion-content-layout-column\"><div class=\"fusion-text fusion-text-1\"><p>Ambralight en TV: los magos de la luz, as\u00ed aparecimos en TG5 durante nuestra participaci\u00f3n en la feria Macfrut en R\u00edmini en 2021.<\/p>\n<\/div><div class=\"fusion-video fusion-selfhosted-video\" style=\"max-width:100%;\"><div class=\"video-wrapper\"><video playsinline=\"true\" width=\"100%\" style=\"object-fit: cover;\" muted=\"true\" preload=\"auto\" controls=\"1\"><source src=\"https:\/\/www.ambralight.it\/es\/wp-content\/uploads\/2022\/08\/VideoTG5-Macfrut2021-I-maghi-della-luce.mp4\" type=\"video\/webm\"><source src=\"https:\/\/www.ambralight.it\/es\/wp-content\/uploads\/2022\/08\/VideoTG5-Macfrut2021-I-maghi-della-luce.mp4\" type=\"video\/mp4\">Sorry, your browser doesn&#039;t support embedded videos.<\/video><\/div><\/div><\/div><\/div><\/div><\/div>\n","protected":false},"excerpt":{"rendered":"","protected":false},"author":2,"featured_media":3415,"comment_status":"closed","ping_status":"open","sticky":false,"template":"","format":"standard","meta":{"footnotes":""},"categories":[14],"tags":[],"class_list":["post-3418","post","type-post","status-publish","format-standard","has-post-thumbnail","hentry","category-news"],"_links":{"self":[{"href":"https:\/\/www.ambralight.it\/es\/wp-json\/wp\/v2\/posts\/3418","targetHints":{"allow":["GET"]}}],"collection":[{"href":"https:\/\/www.ambralight.it\/es\/wp-json\/wp\/v2\/posts"}],"about":[{"href":"https:\/\/www.ambralight.it\/es\/wp-json\/wp\/v2\/types\/post"}],"author":[{"embeddable":true,"href":"https:\/\/www.ambralight.it\/es\/wp-json\/wp\/v2\/users\/2"}],"replies":[{"embeddable":true,"href":"https:\/\/www.ambralight.it\/es\/wp-json\/wp\/v2\/comments?post=3418"}],"version-history":[{"count":3,"href":"https:\/\/www.ambralight.it\/es\/wp-json\/wp\/v2\/posts\/3418\/revisions"}],"predecessor-version":[{"id":5899,"href":"https:\/\/www.ambralight.it\/es\/wp-json\/wp\/v2\/posts\/3418\/revisions\/5899"}],"wp:featuredmedia":[{"embeddable":true,"href":"https:\/\/www.ambralight.it\/es\/wp-json\/wp\/v2\/media\/3415"}],"wp:attachment":[{"href":"https:\/\/www.ambralight.it\/es\/wp-json\/wp\/v2\/media?parent=3418"}],"wp:term":[{"taxonomy":"category","embeddable":true,"href":"https:\/\/www.ambralight.it\/es\/wp-json\/wp\/v2\/categories?post=3418"},{"taxonomy":"post_tag","embeddable":true,"href":"https:\/\/www.ambralight.it\/es\/wp-json\/wp\/v2\/tags?post=3418"}],"curies":[{"name":"wp","href":"https:\/\/api.w.org\/{rel}","templated":true}]}}